{"id":1394,"date":"2022-05-25T17:06:29","date_gmt":"2022-05-25T15:06:29","guid":{"rendered":"https:\/\/mieuxetreetspirituel.com\/?p=1394"},"modified":"2022-05-26T10:57:26","modified_gmt":"2022-05-26T08:57:26","slug":"atelier-cercle-de-lumiere-samedi-04-juin-2022","status":"publish","type":"post","link":"https:\/\/mieuxetreetspirituel.com\/index.php\/2022\/05\/25\/atelier-cercle-de-lumiere-samedi-04-juin-2022\/","title":{"rendered":"Atelier Cercle de Lumi\u00e8re le samedi 04 juin 2022"},"content":{"rendered":"\t\t<div data-elementor-type=\"wp-post\" data-elementor-id=\"1394\" class=\"elementor elementor-1394\">\n\t\t\t\t\t\t\t\t\t<section class=\"elementor-section elementor-top-section elementor-element elementor-element-7213b723 elementor-section-boxed elementor-section-height-default elementor-section-height-default\" data-id=\"7213b723\" data-element_type=\"section\" data-settings=\"{&quot;jet_parallax_layout_list&quot;:[]}\">\n\t\t\t\t\t\t<div class=\"elementor-container elementor-column-gap-default\">\n\t\t\t\t\t<div class=\"elementor-column elementor-col-100 elementor-top-column elementor-element elementor-element-323ad0ec\" data-id=\"323ad0ec\" data-element_type=\"column\">\n\t\t\t<div class=\"elementor-widget-wrap elementor-element-populated\">\n\t\t\t\t\t\t\t\t<div class=\"elementor-element elementor-element-385cf870 elementor-widget elementor-widget-text-editor\" data-id=\"385cf870\" data-element_type=\"widget\" data-widget_type=\"text-editor.default\">\n\t\t\t\t<div class=\"elementor-widget-container\">\n\t\t\t<style>\/*! elementor - v3.18.0 - 20-12-2023 *\/\n.elementor-widget-text-editor.elementor-drop-cap-view-stacked .elementor-drop-cap{background-color:#69727d;color:#fff}.elementor-widget-text-editor.elementor-drop-cap-view-framed .elementor-drop-cap{color:#69727d;border:3px solid;background-color:transparent}.elementor-widget-text-editor:not(.elementor-drop-cap-view-default) .elementor-drop-cap{margin-top:8px}.elementor-widget-text-editor:not(.elementor-drop-cap-view-default) .elementor-drop-cap-letter{width:1em;height:1em}.elementor-widget-text-editor .elementor-drop-cap{float:left;text-align:center;line-height:1;font-size:50px}.elementor-widget-text-editor .elementor-drop-cap-letter{display:inline-block}<\/style>\t\t\t\t<p><!-- wp:paragraph --><\/p>\n<p><!-- \/wp:paragraph --><\/p>\n<p><!-- wp:image {\"align\":\"center\",\"id\":1395,\"width\":1180,\"height\":842,\"sizeSlug\":\"large\",\"linkDestination\":\"none\"} --><\/p>\n<figure class=\"wp-block-image aligncenter size-large is-resized\"><img fetchpriority=\"high\" decoding=\"async\" class=\"wp-image-1395\" src=\"https:\/\/mieuxetreetspirituel.com\/wp-content\/uploads\/2022\/05\/2022-06-04-Atelier-Feminin-et-masculin-sacre-1024x731.png\" alt=\"2022 06 04 Atelier Feminin et masculin sacre\" width=\"1180\" height=\"842\" srcset=\"https:\/\/mieuxetreetspirituel.com\/wp-content\/uploads\/2022\/05\/2022-06-04-Atelier-Feminin-et-masculin-sacre-1024x731.png 1024w, https:\/\/mieuxetreetspirituel.com\/wp-content\/uploads\/2022\/05\/2022-06-04-Atelier-Feminin-et-masculin-sacre-300x214.png 300w, https:\/\/mieuxetreetspirituel.com\/wp-content\/uploads\/2022\/05\/2022-06-04-Atelier-Feminin-et-masculin-sacre-768x548.png 768w, https:\/\/mieuxetreetspirituel.com\/wp-content\/uploads\/2022\/05\/2022-06-04-Atelier-Feminin-et-masculin-sacre-1536x1097.png 1536w, https:\/\/mieuxetreetspirituel.com\/wp-content\/uploads\/2022\/05\/2022-06-04-Atelier-Feminin-et-masculin-sacre.png 2000w\" sizes=\"(max-width: 1180px) 100vw, 1180px\" \/>\n<p>\u00a0<\/p>\n<p>\u00a0<\/p>\n<figcaption>2022 06 04 Atelier Feminin et masculin sacre<\/figcaption>\n<\/figure>\n<p><!-- \/wp:image --><\/p>\n<p><!-- wp:paragraph {\"align\":\"center\",\"style\":{\"typography\":{\"fontSize\":\"30px\"}}} --><\/p>\n<p class=\"has-text-align-center\" style=\"font-size: 30px;\"><strong>Vous souhaitez aller \u00e0 la d\u00e9couverte de votre \u00e9nergie sacr\u00e9e.<\/strong><\/p>\n<p><!-- \/wp:paragraph --><\/p>\n<p><!-- wp:paragraph {\"align\":\"center\",\"fontSize\":\"medium\"} --><\/p>\n<p class=\"has-text-align-center has-medium-font-size\">Venez participer \u00e0 l&#8217;atelier de cercle de lumi\u00e8re, c&#8217;est une invitation \u00e0 la pleine connexion de ses polarit\u00e9s et aller vers son essence divine.<\/p>\n<p><!-- \/wp:paragraph --><\/p>\n<p><!-- wp:paragraph {\"align\":\"center\",\"fontSize\":\"medium\"} --><\/p>\n<p class=\"has-text-align-center has-medium-font-size\">C&#8217;est \u00e9galement un moment de partage et de connexion pour votre \u00e9veil spirituel.\u00a0<\/p>\n<p class=\"has-text-align-center has-medium-font-size\">\u00a0<\/p>\n<p><!-- \/wp:paragraph --><\/p>\n<p><!-- wp:paragraph {\"align\":\"center\",\"fontSize\":\"large\"} --><\/p>\n<p class=\"has-text-align-center has-large-font-size\"><strong>Le samedi 4 juin 2022 de 16h a 18h<\/strong><\/p>\n<p class=\"has-text-align-center has-large-font-size\"><strong>\u00a0<\/strong><\/p>\n<p><!-- \/wp:paragraph --><\/p>\n<p><!-- wp:paragraph --><\/p>\n<p><strong><span id=\"start-pointer\"><\/span>Le programme :<\/strong><span id=\"end-pointer\"><\/span><\/p>\n<p><!-- \/wp:paragraph --><\/p>\n<p><!-- wp:group --><\/p>\n<div class=\"wp-block-group\">\n<p><!-- wp:list --><\/p>\n<ul>\n<li>Rituel d&#8217;ouverture et de connexion\u00a0<\/li>\n<\/ul>\n<p><!-- \/wp:list --><\/p>\n<p><!-- wp:list --><\/p>\n<ul>\n<li>Exploration de l&#8217;art th\u00e9rapie au c\u0153ur du f\u00e9minin et masculin\u00a0<\/li>\n<\/ul>\n<p><!-- \/wp:list --><\/p>\n<p><!-- wp:list --><\/p>\n<ul>\n<li>Partage d&#8217;exp\u00e9rience\u00a0\u00a0<\/li>\n<\/ul>\n<p><!-- \/wp:list --><\/p>\n<p><!-- wp:list --><\/p>\n<ul>\n<li>Temps d&#8217;\u00e9coute et de paroles<\/li>\n<\/ul>\n<p><!-- \/wp:list --><\/p>\n<p><!-- wp:list --><\/p>\n<ul>\n<li>Rituel de cl\u00f4ture par un soin collectif de bain de bol cristal chantant\u00a0<\/li>\n<\/ul>\n<div>\u00a0<\/div>\n<p><!-- \/wp:list --><\/p>\n<\/div>\n<p><!-- \/wp:group --><\/p>\n<p><!-- wp:paragraph --><\/p>\n<p><!-- \/wp:paragraph --><\/p>\n<p><!-- wp:paragraph {\"align\":\"center\",\"fontSize\":\"large\"} --><\/p>\n<p><!-- \/wp:paragraph --><\/p>\n<p><!-- wp:paragraph {\"align\":\"center\",\"fontSize\":\"large\"} --><\/p>\n<p class=\"has-text-align-center has-large-font-size\">\u00a0<\/p>\n<p><!-- \/wp:paragraph --><\/p>\t\t\t\t\t\t<\/div>\n\t\t\t\t<\/div>\n\t\t\t\t\t<\/div>\n\t\t<\/div>\n\t\t\t\t\t\t\t<\/div>\n\t\t<\/section>\n\t\t\t\t<section class=\"elementor-section elementor-top-section elementor-element elementor-element-532b574 elementor-section-boxed elementor-section-height-default elementor-section-height-default\" data-id=\"532b574\" data-element_type=\"section\" data-settings=\"{&quot;jet_parallax_layout_list&quot;:[]}\">\n\t\t\t\t\t\t<div class=\"elementor-container elementor-column-gap-default\">\n\t\t\t\t\t<div class=\"elementor-column elementor-col-100 elementor-top-column elementor-element elementor-element-a989330\" data-id=\"a989330\" data-element_type=\"column\">\n\t\t\t<div class=\"elementor-widget-wrap elementor-element-populated\">\n\t\t\t\t\t\t\t\t<div class=\"elementor-element elementor-element-66a2138 elementor-widget elementor-widget-text-editor\" data-id=\"66a2138\" data-element_type=\"widget\" data-widget_type=\"text-editor.default\">\n\t\t\t\t<div class=\"elementor-widget-container\">\n\t\t\t\t\t\t\t<p class=\"has-text-align-center has-large-font-size\" style=\"font-size: var(--wp--preset--font-size--large)  !important; text-align: center;\"><span style=\"font-weight: bolder;\"><em>Inscriptions au\u00a0<span id=\"end-pointer\"><\/span>07 67 75 61 26<\/em><\/span><\/p>\n<p class=\"has-text-align-center has-medium-font-size\" style=\"font-size: var(--wp--preset--font-size--medium)  !important;\"><span id=\"start-pointer\"><\/span>Ou en payant directement (vos coordonn\u00e9es seront demand\u00e9es \u00e0 ce moment)<\/p>\n<p class=\"has-text-align-center has-medium-font-size\" style=\"font-size: var(--wp--preset--font-size--medium)  !important;\">Tarif : 40 \u20ac<\/p>\t\t\t\t\t\t<\/div>\n\t\t\t\t<\/div>\n\t\t\t\t\t<\/div>\n\t\t<\/div>\n\t\t\t\t\t\t\t<\/div>\n\t\t<\/section>\n\t\t\t\t<section class=\"elementor-section elementor-top-section elementor-element elementor-element-45ee0bb elementor-section-boxed elementor-section-height-default elementor-section-height-default\" data-id=\"45ee0bb\" data-element_type=\"section\" data-settings=\"{&quot;jet_parallax_layout_list&quot;:[]}\">\n\t\t\t\t\t\t<div class=\"elementor-container elementor-column-gap-default\">\n\t\t\t\t\t<div class=\"elementor-column elementor-col-100 elementor-top-column elementor-element elementor-element-ebb3c3d\" data-id=\"ebb3c3d\" data-element_type=\"column\">\n\t\t\t<div class=\"elementor-widget-wrap elementor-element-populated\">\n\t\t\t\t\t\t\t\t<div class=\"elementor-element elementor-element-b48dcda elementor-widget elementor-widget-html\" data-id=\"b48dcda\" data-element_type=\"widget\" data-widget_type=\"html.default\">\n\t\t\t\t<div class=\"elementor-widget-container\">\n\t\t\t<div id=\"smart-button-container\">\r\n      <div style=\"text-align: center;\">\r\n        <div id=\"paypal-button-container\"><\/div>\r\n      <\/div>\r\n    <\/div>\r\n  <script src=\"https:\/\/www.paypal.com\/sdk\/js?client-id=sb&enable-funding=venmo&currency=EUR\" data-sdk-integration-source=\"button-factory\"><\/script>\r\n  <script>\r\n    function initPayPalButton() {\r\n      paypal.Buttons({\r\n        style: {\r\n          shape: 'rect',\r\n          color: 'silver',\r\n          layout: 'vertical',\r\n          label: 'checkout',\r\n          \r\n        },\r\n\r\n        createOrder: function(data, actions) {\r\n          return actions.order.create({\r\n            purchase_units: [{\"description\":\"Inscription Atelier\",\"amount\":{\"currency_code\":\"EUR\",\"value\":40}}]\r\n          });\r\n        },\r\n\r\n        onApprove: function(data, actions) {\r\n          return actions.order.capture().then(function(orderData) {\r\n            \r\n            \/\/ Full available details\r\n            console.log('Capture result', orderData, JSON.stringify(orderData, null, 2));\r\n\r\n            \/\/ Show a success message within this page, e.g.\r\n            const element = document.getElementById('paypal-button-container');\r\n            element.innerHTML = '';\r\n            element.innerHTML = '<h3>Thank you for your payment!<\/h3>';\r\n\r\n            \/\/ Or go to another URL:  actions.redirect('thank_you.html');\r\n            \r\n          });\r\n        },\r\n\r\n        onError: function(err) {\r\n          console.log(err);\r\n        }\r\n      }).render('#paypal-button-container');\r\n    }\r\n    initPayPalButton();\r\n  <\/script>\t\t<\/div>\n\t\t\t\t<\/div>\n\t\t\t\t\t<\/div>\n\t\t<\/div>\n\t\t\t\t\t\t\t<\/div>\n\t\t<\/section>\n\t\t\t\t<section class=\"elementor-section elementor-top-section elementor-element elementor-element-2d1cad8 elementor-section-boxed elementor-section-height-default elementor-section-height-default\" data-id=\"2d1cad8\" data-element_type=\"section\" data-settings=\"{&quot;jet_parallax_layout_list&quot;:[]}\">\n\t\t\t\t\t\t<div class=\"elementor-container elementor-column-gap-default\">\n\t\t\t\t\t<div class=\"elementor-column elementor-col-100 elementor-top-column elementor-element elementor-element-a053918\" data-id=\"a053918\" data-element_type=\"column\">\n\t\t\t<div class=\"elementor-widget-wrap elementor-element-populated\">\n\t\t\t\t\t\t\t\t<div class=\"elementor-element elementor-element-efeebb9 elementor-widget elementor-widget-text-editor\" data-id=\"efeebb9\" data-element_type=\"widget\" data-widget_type=\"text-editor.default\">\n\t\t\t\t<div class=\"elementor-widget-container\">\n\t\t\t\t\t\t\t<p class=\"has-text-align-center has-large-font-size\" style=\"font-size: var(--wp--preset--font-size--large)  !important; text-align: center;\">Lumineusement<\/p>\n<p class=\"has-text-align-center has-large-font-size\" style=\"font-size: var(--wp--preset--font-size--large)  !important; text-align: center;\">Laetitia &amp; Lharem<\/p>\t\t\t\t\t\t<\/div>\n\t\t\t\t<\/div>\n\t\t\t\t\t<\/div>\n\t\t<\/div>\n\t\t\t\t\t\t\t<\/div>\n\t\t<\/section>\n\t\t\t\t\t\t\t<\/div>\n\t\t","protected":false},"excerpt":{"rendered":"<p>Vous souhaitez aller \u00e0 la d\u00e9couverte de votre \u00e9nergie sacr\u00e9e. Venez participer \u00e0 l&#8217;atelier de cercle de lumi\u00e8re, c&#8217;est une invitation \u00e0 la pleine connexion de ses polarit\u00e9s et aller vers son essence divine. C&#8217;est \u00e9galement un moment de partage et de connexion pour votre \u00e9veil spirituel.\u00a0 \u00a0 Le samedi 4 juin 2022 de 16h [&hellip;]<\/p>\n","protected":false},"author":1,"featured_media":1412,"comment_status":"open","ping_status":"open","sticky":false,"template":"","format":"standard","meta":{"_acf_changed":false,"footnotes":""},"categories":[84],"tags":[],"class_list":["post-1394","post","type-post","status-publish","format-standard","has-post-thumbnail","hentry","category-atelier"],"acf":[],"yoast_head":"<!-- This site is optimized with the Yoast SEO plugin v24.9 - https:\/\/yoast.com\/wordpress\/plugins\/seo\/ -->\n<title>Atelier Cercle de Lumi\u00e8re le samedi 04 juin 2022 - Magn\u00e9tiseur Rouen<\/title>\n<meta name=\"description\" content=\"Vous souhaitez aller \u00e0 la d\u00e9couverte de votre \u00e9nergie sacr\u00e9e. Venez participer \u00e0 l&#039;atelier de cercle de lumi\u00e8re, c&#039;est une invitation \u00e0 la pleine connexion de ses polarit\u00e9s et aller vers son essence divine. C&#039;est \u00e9galement un moment de partage et de connexion pour votre \u00e9veil spirituel. Le samedi 4 juin 2022 de 16h a 18h.Le programme :- Rituel d&#039;ouverture et de connexion -Exploration de l&#039;art th\u00e9rapie au c\u0153ur du f\u00e9minin et masculin -Partage d&#039;exp\u00e9rience -Temps d&#039;\u00e9coute et de paroles-Rituel de cl\u00f4ture par un soin collectif de bain de bol cristal chantant Lumineusement .Laetitia &amp; Lharem.\" \/>\n<meta name=\"robots\" content=\"index, follow, max-snippet:-1, max-image-preview:large, max-video-preview:-1\" \/>\n<link rel=\"canonical\" href=\"https:\/\/mieuxetreetspirituel.com\/index.php\/2022\/05\/25\/atelier-cercle-de-lumiere-samedi-04-juin-2022\/\" \/>\n<meta property=\"og:locale\" content=\"en_US\" \/>\n<meta property=\"og:type\" content=\"article\" \/>\n<meta property=\"og:title\" content=\"Atelier Cercle de Lumi\u00e8re le samedi 04 juin 2022 - Magn\u00e9tiseur Rouen\" \/>\n<meta property=\"og:description\" content=\"Vous souhaitez aller \u00e0 la d\u00e9couverte de votre \u00e9nergie sacr\u00e9e. Venez participer \u00e0 l&#039;atelier de cercle de lumi\u00e8re, c&#039;est une invitation \u00e0 la pleine connexion de ses polarit\u00e9s et aller vers son essence divine. C&#039;est \u00e9galement un moment de partage et de connexion pour votre \u00e9veil spirituel. Le samedi 4 juin 2022 de 16h a 18h.Le programme :- Rituel d&#039;ouverture et de connexion -Exploration de l&#039;art th\u00e9rapie au c\u0153ur du f\u00e9minin et masculin -Partage d&#039;exp\u00e9rience -Temps d&#039;\u00e9coute et de paroles-Rituel de cl\u00f4ture par un soin collectif de bain de bol cristal chantant Lumineusement .Laetitia &amp; Lharem.\" \/>\n<meta property=\"og:url\" content=\"https:\/\/mieuxetreetspirituel.com\/index.php\/2022\/05\/25\/atelier-cercle-de-lumiere-samedi-04-juin-2022\/\" \/>\n<meta property=\"og:site_name\" content=\"Magn\u00e9tiseur Rouen\" \/>\n<meta property=\"article:published_time\" content=\"2022-05-25T15:06:29+00:00\" \/>\n<meta property=\"article:modified_time\" content=\"2022-05-26T08:57:26+00:00\" \/>\n<meta property=\"og:image\" content=\"https:\/\/mieuxetreetspirituel.com\/wp-content\/uploads\/2022\/05\/2022-06-04-Atelier-Feminin-et-masculin-sacre-2.png\" \/>\n\t<meta property=\"og:image:width\" content=\"2000\" \/>\n\t<meta property=\"og:image:height\" content=\"1428\" \/>\n\t<meta property=\"og:image:type\" content=\"image\/png\" \/>\n<meta name=\"author\" content=\"admin7527\" \/>\n<meta name=\"twitter:card\" content=\"summary_large_image\" \/>\n<meta name=\"twitter:label1\" content=\"Written by\" \/>\n\t<meta name=\"twitter:data1\" content=\"admin7527\" \/>\n\t<meta name=\"twitter:label2\" content=\"Est. reading time\" \/>\n\t<meta name=\"twitter:data2\" content=\"1 minute\" \/>\n<script type=\"application\/ld+json\" class=\"yoast-schema-graph\">{\"@context\":\"https:\/\/schema.org\",\"@graph\":[{\"@type\":\"WebPage\",\"@id\":\"https:\/\/mieuxetreetspirituel.com\/index.php\/2022\/05\/25\/atelier-cercle-de-lumiere-samedi-04-juin-2022\/\",\"url\":\"https:\/\/mieuxetreetspirituel.com\/index.php\/2022\/05\/25\/atelier-cercle-de-lumiere-samedi-04-juin-2022\/\",\"name\":\"Atelier Cercle de Lumi\u00e8re le samedi 04 juin 2022 - Magn\u00e9tiseur Rouen\",\"isPartOf\":{\"@id\":\"https:\/\/mieuxetreetspirituel.com\/#website\"},\"primaryImageOfPage\":{\"@id\":\"https:\/\/mieuxetreetspirituel.com\/index.php\/2022\/05\/25\/atelier-cercle-de-lumiere-samedi-04-juin-2022\/#primaryimage\"},\"image\":{\"@id\":\"https:\/\/mieuxetreetspirituel.com\/index.php\/2022\/05\/25\/atelier-cercle-de-lumiere-samedi-04-juin-2022\/#primaryimage\"},\"thumbnailUrl\":\"https:\/\/mieuxetreetspirituel.com\/wp-content\/uploads\/2022\/05\/2022-06-04-Atelier-Feminin-et-masculin-sacre-2.png\",\"datePublished\":\"2022-05-25T15:06:29+00:00\",\"dateModified\":\"2022-05-26T08:57:26+00:00\",\"author\":{\"@id\":\"https:\/\/mieuxetreetspirituel.com\/#\/schema\/person\/6861d7198b30c88f5153a604647930c4\"},\"description\":\"Vous souhaitez aller \u00e0 la d\u00e9couverte de votre \u00e9nergie sacr\u00e9e. Venez participer \u00e0 l'atelier de cercle de lumi\u00e8re, c'est une invitation \u00e0 la pleine connexion de ses polarit\u00e9s et aller vers son essence divine. C'est \u00e9galement un moment de partage et de connexion pour votre \u00e9veil spirituel. Le samedi 4 juin 2022 de 16h a 18h.Le programme :- Rituel d'ouverture et de connexion -Exploration de l'art th\u00e9rapie au c\u0153ur du f\u00e9minin et masculin -Partage d'exp\u00e9rience -Temps d'\u00e9coute et de paroles-Rituel de cl\u00f4ture par un soin collectif de bain de bol cristal chantant Lumineusement .Laetitia & Lharem.\",\"breadcrumb\":{\"@id\":\"https:\/\/mieuxetreetspirituel.com\/index.php\/2022\/05\/25\/atelier-cercle-de-lumiere-samedi-04-juin-2022\/#breadcrumb\"},\"inLanguage\":\"en-US\",\"potentialAction\":[{\"@type\":\"ReadAction\",\"target\":[\"https:\/\/mieuxetreetspirituel.com\/index.php\/2022\/05\/25\/atelier-cercle-de-lumiere-samedi-04-juin-2022\/\"]}]},{\"@type\":\"ImageObject\",\"inLanguage\":\"en-US\",\"@id\":\"https:\/\/mieuxetreetspirituel.com\/index.php\/2022\/05\/25\/atelier-cercle-de-lumiere-samedi-04-juin-2022\/#primaryimage\",\"url\":\"https:\/\/mieuxetreetspirituel.com\/wp-content\/uploads\/2022\/05\/2022-06-04-Atelier-Feminin-et-masculin-sacre-2.png\",\"contentUrl\":\"https:\/\/mieuxetreetspirituel.com\/wp-content\/uploads\/2022\/05\/2022-06-04-Atelier-Feminin-et-masculin-sacre-2.png\",\"width\":2000,\"height\":1428},{\"@type\":\"BreadcrumbList\",\"@id\":\"https:\/\/mieuxetreetspirituel.com\/index.php\/2022\/05\/25\/atelier-cercle-de-lumiere-samedi-04-juin-2022\/#breadcrumb\",\"itemListElement\":[{\"@type\":\"ListItem\",\"position\":1,\"name\":\"Accueil\",\"item\":\"https:\/\/mieuxetreetspirituel.com\/\"},{\"@type\":\"ListItem\",\"position\":2,\"name\":\"Atelier Cercle de Lumi\u00e8re le samedi 04 juin 2022\"}]},{\"@type\":\"WebSite\",\"@id\":\"https:\/\/mieuxetreetspirituel.com\/#website\",\"url\":\"https:\/\/mieuxetreetspirituel.com\/\",\"name\":\"Magn\u00e9tiseur Rouen\",\"description\":\"Mieux \u00eatre et spirituel \",\"potentialAction\":[{\"@type\":\"SearchAction\",\"target\":{\"@type\":\"EntryPoint\",\"urlTemplate\":\"https:\/\/mieuxetreetspirituel.com\/?s={search_term_string}\"},\"query-input\":{\"@type\":\"PropertyValueSpecification\",\"valueRequired\":true,\"valueName\":\"search_term_string\"}}],\"inLanguage\":\"en-US\"},{\"@type\":\"Person\",\"@id\":\"https:\/\/mieuxetreetspirituel.com\/#\/schema\/person\/6861d7198b30c88f5153a604647930c4\",\"name\":\"admin7527\",\"image\":{\"@type\":\"ImageObject\",\"inLanguage\":\"en-US\",\"@id\":\"https:\/\/mieuxetreetspirituel.com\/#\/schema\/person\/image\/\",\"url\":\"https:\/\/secure.gravatar.com\/avatar\/24ef8c4f10d3e1f39c53f11f75d5f36568d58338c203040c77b982c0e81a3a62?s=96&d=mm&r=g\",\"contentUrl\":\"https:\/\/secure.gravatar.com\/avatar\/24ef8c4f10d3e1f39c53f11f75d5f36568d58338c203040c77b982c0e81a3a62?s=96&d=mm&r=g\",\"caption\":\"admin7527\"},\"sameAs\":[\"http:\/\/mieuxetreetspirituel.com\"]}]}<\/script>\n<!-- \/ Yoast SEO plugin. -->","yoast_head_json":{"title":"Atelier Cercle de Lumi\u00e8re le samedi 04 juin 2022 - Magn\u00e9tiseur Rouen","description":"Vous souhaitez aller \u00e0 la d\u00e9couverte de votre \u00e9nergie sacr\u00e9e. Venez participer \u00e0 l'atelier de cercle de lumi\u00e8re, c'est une invitation \u00e0 la pleine connexion de ses polarit\u00e9s et aller vers son essence divine. C'est \u00e9galement un moment de partage et de connexion pour votre \u00e9veil spirituel. Le samedi 4 juin 2022 de 16h a 18h.Le programme :- Rituel d'ouverture et de connexion -Exploration de l'art th\u00e9rapie au c\u0153ur du f\u00e9minin et masculin -Partage d'exp\u00e9rience -Temps d'\u00e9coute et de paroles-Rituel de cl\u00f4ture par un soin collectif de bain de bol cristal chantant Lumineusement .Laetitia & Lharem.","robots":{"index":"index","follow":"follow","max-snippet":"max-snippet:-1","max-image-preview":"max-image-preview:large","max-video-preview":"max-video-preview:-1"},"canonical":"https:\/\/mieuxetreetspirituel.com\/index.php\/2022\/05\/25\/atelier-cercle-de-lumiere-samedi-04-juin-2022\/","og_locale":"en_US","og_type":"article","og_title":"Atelier Cercle de Lumi\u00e8re le samedi 04 juin 2022 - Magn\u00e9tiseur Rouen","og_description":"Vous souhaitez aller \u00e0 la d\u00e9couverte de votre \u00e9nergie sacr\u00e9e. Venez participer \u00e0 l'atelier de cercle de lumi\u00e8re, c'est une invitation \u00e0 la pleine connexion de ses polarit\u00e9s et aller vers son essence divine. C'est \u00e9galement un moment de partage et de connexion pour votre \u00e9veil spirituel. Le samedi 4 juin 2022 de 16h a 18h.Le programme :- Rituel d'ouverture et de connexion -Exploration de l'art th\u00e9rapie au c\u0153ur du f\u00e9minin et masculin -Partage d'exp\u00e9rience -Temps d'\u00e9coute et de paroles-Rituel de cl\u00f4ture par un soin collectif de bain de bol cristal chantant Lumineusement .Laetitia & Lharem.","og_url":"https:\/\/mieuxetreetspirituel.com\/index.php\/2022\/05\/25\/atelier-cercle-de-lumiere-samedi-04-juin-2022\/","og_site_name":"Magn\u00e9tiseur Rouen","article_published_time":"2022-05-25T15:06:29+00:00","article_modified_time":"2022-05-26T08:57:26+00:00","og_image":[{"width":2000,"height":1428,"url":"https:\/\/mieuxetreetspirituel.com\/wp-content\/uploads\/2022\/05\/2022-06-04-Atelier-Feminin-et-masculin-sacre-2.png","type":"image\/png"}],"author":"admin7527","twitter_card":"summary_large_image","twitter_misc":{"Written by":"admin7527","Est. reading time":"1 minute"},"schema":{"@context":"https:\/\/schema.org","@graph":[{"@type":"WebPage","@id":"https:\/\/mieuxetreetspirituel.com\/index.php\/2022\/05\/25\/atelier-cercle-de-lumiere-samedi-04-juin-2022\/","url":"https:\/\/mieuxetreetspirituel.com\/index.php\/2022\/05\/25\/atelier-cercle-de-lumiere-samedi-04-juin-2022\/","name":"Atelier Cercle de Lumi\u00e8re le samedi 04 juin 2022 - Magn\u00e9tiseur Rouen","isPartOf":{"@id":"https:\/\/mieuxetreetspirituel.com\/#website"},"primaryImageOfPage":{"@id":"https:\/\/mieuxetreetspirituel.com\/index.php\/2022\/05\/25\/atelier-cercle-de-lumiere-samedi-04-juin-2022\/#primaryimage"},"image":{"@id":"https:\/\/mieuxetreetspirituel.com\/index.php\/2022\/05\/25\/atelier-cercle-de-lumiere-samedi-04-juin-2022\/#primaryimage"},"thumbnailUrl":"https:\/\/mieuxetreetspirituel.com\/wp-content\/uploads\/2022\/05\/2022-06-04-Atelier-Feminin-et-masculin-sacre-2.png","datePublished":"2022-05-25T15:06:29+00:00","dateModified":"2022-05-26T08:57:26+00:00","author":{"@id":"https:\/\/mieuxetreetspirituel.com\/#\/schema\/person\/6861d7198b30c88f5153a604647930c4"},"description":"Vous souhaitez aller \u00e0 la d\u00e9couverte de votre \u00e9nergie sacr\u00e9e. Venez participer \u00e0 l'atelier de cercle de lumi\u00e8re, c'est une invitation \u00e0 la pleine connexion de ses polarit\u00e9s et aller vers son essence divine. C'est \u00e9galement un moment de partage et de connexion pour votre \u00e9veil spirituel. Le samedi 4 juin 2022 de 16h a 18h.Le programme :- Rituel d'ouverture et de connexion -Exploration de l'art th\u00e9rapie au c\u0153ur du f\u00e9minin et masculin -Partage d'exp\u00e9rience -Temps d'\u00e9coute et de paroles-Rituel de cl\u00f4ture par un soin collectif de bain de bol cristal chantant Lumineusement .Laetitia & Lharem.","breadcrumb":{"@id":"https:\/\/mieuxetreetspirituel.com\/index.php\/2022\/05\/25\/atelier-cercle-de-lumiere-samedi-04-juin-2022\/#breadcrumb"},"inLanguage":"en-US","potentialAction":[{"@type":"ReadAction","target":["https:\/\/mieuxetreetspirituel.com\/index.php\/2022\/05\/25\/atelier-cercle-de-lumiere-samedi-04-juin-2022\/"]}]},{"@type":"ImageObject","inLanguage":"en-US","@id":"https:\/\/mieuxetreetspirituel.com\/index.php\/2022\/05\/25\/atelier-cercle-de-lumiere-samedi-04-juin-2022\/#primaryimage","url":"https:\/\/mieuxetreetspirituel.com\/wp-content\/uploads\/2022\/05\/2022-06-04-Atelier-Feminin-et-masculin-sacre-2.png","contentUrl":"https:\/\/mieuxetreetspirituel.com\/wp-content\/uploads\/2022\/05\/2022-06-04-Atelier-Feminin-et-masculin-sacre-2.png","width":2000,"height":1428},{"@type":"BreadcrumbList","@id":"https:\/\/mieuxetreetspirituel.com\/index.php\/2022\/05\/25\/atelier-cercle-de-lumiere-samedi-04-juin-2022\/#breadcrumb","itemListElement":[{"@type":"ListItem","position":1,"name":"Accueil","item":"https:\/\/mieuxetreetspirituel.com\/"},{"@type":"ListItem","position":2,"name":"Atelier Cercle de Lumi\u00e8re le samedi 04 juin 2022"}]},{"@type":"WebSite","@id":"https:\/\/mieuxetreetspirituel.com\/#website","url":"https:\/\/mieuxetreetspirituel.com\/","name":"Magn\u00e9tiseur Rouen","description":"Mieux \u00eatre et spirituel ","potentialAction":[{"@type":"SearchAction","target":{"@type":"EntryPoint","urlTemplate":"https:\/\/mieuxetreetspirituel.com\/?s={search_term_string}"},"query-input":{"@type":"PropertyValueSpecification","valueRequired":true,"valueName":"search_term_string"}}],"inLanguage":"en-US"},{"@type":"Person","@id":"https:\/\/mieuxetreetspirituel.com\/#\/schema\/person\/6861d7198b30c88f5153a604647930c4","name":"admin7527","image":{"@type":"ImageObject","inLanguage":"en-US","@id":"https:\/\/mieuxetreetspirituel.com\/#\/schema\/person\/image\/","url":"https:\/\/secure.gravatar.com\/avatar\/24ef8c4f10d3e1f39c53f11f75d5f36568d58338c203040c77b982c0e81a3a62?s=96&d=mm&r=g","contentUrl":"https:\/\/secure.gravatar.com\/avatar\/24ef8c4f10d3e1f39c53f11f75d5f36568d58338c203040c77b982c0e81a3a62?s=96&d=mm&r=g","caption":"admin7527"},"sameAs":["http:\/\/mieuxetreetspirituel.com"]}]}},"_links":{"self":[{"href":"https:\/\/mieuxetreetspirituel.com\/index.php\/wp-json\/wp\/v2\/posts\/1394","targetHints":{"allow":["GET"]}}],"collection":[{"href":"https:\/\/mieuxetreetspirituel.com\/index.php\/wp-json\/wp\/v2\/posts"}],"about":[{"href":"https:\/\/mieuxetreetspirituel.com\/index.php\/wp-json\/wp\/v2\/types\/post"}],"author":[{"embeddable":true,"href":"https:\/\/mieuxetreetspirituel.com\/index.php\/wp-json\/wp\/v2\/users\/1"}],"replies":[{"embeddable":true,"href":"https:\/\/mieuxetreetspirituel.com\/index.php\/wp-json\/wp\/v2\/comments?post=1394"}],"version-history":[{"count":55,"href":"https:\/\/mieuxetreetspirituel.com\/index.php\/wp-json\/wp\/v2\/posts\/1394\/revisions"}],"predecessor-version":[{"id":1472,"href":"https:\/\/mieuxetreetspirituel.com\/index.php\/wp-json\/wp\/v2\/posts\/1394\/revisions\/1472"}],"wp:featuredmedia":[{"embeddable":true,"href":"https:\/\/mieuxetreetspirituel.com\/index.php\/wp-json\/wp\/v2\/media\/1412"}],"wp:attachment":[{"href":"https:\/\/mieuxetreetspirituel.com\/index.php\/wp-json\/wp\/v2\/media?parent=1394"}],"wp:term":[{"taxonomy":"category","embeddable":true,"href":"https:\/\/mieuxetreetspirituel.com\/index.php\/wp-json\/wp\/v2\/categories?post=1394"},{"taxonomy":"post_tag","embeddable":true,"href":"https:\/\/mieuxetreetspirituel.com\/index.php\/wp-json\/wp\/v2\/tags?post=1394"}],"curies":[{"name":"wp","href":"https:\/\/api.w.org\/{rel}","templated":true}]}}